{"id":7913,"date":"2022-06-09T16:36:39","date_gmt":"2022-06-09T16:36:39","guid":{"rendered":"https:\/\/gesport.unizar.es\/?p=7913"},"modified":"2022-07-25T17:33:32","modified_gmt":"2022-07-25T17:33:32","slug":"yesim-kuruoglu","status":"publish","type":"post","link":"https:\/\/gesport.unizar.es\/tr\/yesim-kuruoglu\/","title":{"rendered":"Ye\u015fim KURUO\u011eLU"},"content":{"rendered":"\n<h2 class=\"has-text-align-center\">T\u00fcrkiye Sualt\u0131 Federasyonu Y\u00f6netim Kurulu \u00dcyesi<\/h2>\n\n\n\n<br><br>\n\n\n\n<div class=\"wp-container-3 wp-block-columns\">\n<div class=\"wp-container-1 wp-block-column is-vertically-aligned-center\" style=\"flex-basis:33.33%\">\n<p><strong>Hayat\u0131n\u0131zda sporun rol\u00fc nedir?<\/strong><\/p>\n<\/div>\n\n\n\n<div class=\"wp-container-2 wp-block-column\" style=\"flex-basis:66.66%\">\n<figure class=\"wp-block-embed is-type-video is-provider-youtube wp-block-embed-youtube wp-embed-aspect-16-9 wp-has-aspect-ratio\"><div class=\"wp-block-embed__wrapper\">\n<div class=\"ast-oembed-container\" style=\"height: 100%;\"><iframe loading=\"lazy\" title=\"Ye\u015fim KURUO\u011eLU - Board Member of the Turkish Underwater Federation - 1\" width=\"500\" height=\"281\" src=\"https:\/\/www.youtube.com\/embed\/u6wa0gm0iJQ?start=90&#038;feature=oembed\" frameborder=\"0\" allow=\"accelerometer; autoplay; clipboard-write; encrypted-media; gyroscope; picture-in-picture\" allowfullscreen><\/iframe><\/div>\n<\/div><\/figure>\n<\/div>\n<\/div>\n\n\n\n<div class=\"wp-container-6 wp-block-columns\">\n<div class=\"wp-container-4 wp-block-column is-vertically-aligned-center\" style=\"flex-basis:33.33%\">\n<p><strong>Temsil etti\u011finiz bu sporla ili\u015fkinize ne zaman ve nas\u0131l ba\u015flad\u0131n\u0131z?<\/strong><\/p>\n<\/div>\n\n\n\n<div class=\"wp-container-5 wp-block-column\" style=\"flex-basis:66.66%\">\n<figure class=\"wp-block-embed is-type-video is-provider-youtube wp-block-embed-youtube wp-embed-aspect-16-9 wp-has-aspect-ratio\"><div class=\"wp-block-embed__wrapper\">\n<div class=\"ast-oembed-container\" style=\"height: 100%;\"><iframe loading=\"lazy\" title=\"Ye\u015fim KURUO\u011eLU - Board Member of the Turkish Underwater Federation - 2\" width=\"500\" height=\"281\" src=\"https:\/\/www.youtube.com\/embed\/zP_nKHH_vNo?feature=oembed\" frameborder=\"0\" allow=\"accelerometer; autoplay; clipboard-write; encrypted-media; gyroscope; picture-in-picture\" allowfullscreen><\/iframe><\/div>\n<\/div><\/figure>\n<\/div>\n<\/div>\n\n\n\n<div class=\"wp-container-9 wp-block-columns\">\n<div class=\"wp-container-7 wp-block-column is-vertically-aligned-center\" style=\"flex-basis:33.33%\">\n<p><strong>G\u00fcn\u00fcm\u00fczde spor organizasyonlar\u0131nda kad\u0131nlar\u0131n temsili hakk\u0131nda ne d\u00fc\u015f\u00fcn\u00fcyorsunuz?<\/strong><\/p>\n<\/div>\n\n\n\n<div class=\"wp-container-8 wp-block-column\" style=\"flex-basis:66.66%\">\n<figure class=\"wp-block-embed is-type-video is-provider-youtube wp-block-embed-youtube wp-embed-aspect-16-9 wp-has-aspect-ratio\"><div class=\"wp-block-embed__wrapper\">\n<div class=\"ast-oembed-container\" style=\"height: 100%;\"><iframe loading=\"lazy\" title=\"Ye\u015fim KURUO\u011eLU  - Board Member of the Turkish Underwater Federation - 3\" width=\"500\" height=\"281\" src=\"https:\/\/www.youtube.com\/embed\/lUW2HNbygWI?feature=oembed\" frameborder=\"0\" allow=\"accelerometer; autoplay; clipboard-write; encrypted-media; gyroscope; picture-in-picture\" allowfullscreen><\/iframe><\/div>\n<\/div><\/figure>\n<\/div>\n<\/div>\n\n\n\n<div class=\"wp-container-12 wp-block-columns\">\n<div class=\"wp-container-10 wp-block-column is-vertically-aligned-center\" style=\"flex-basis:33.33%\">\n<p><strong>Ba\u015fkan yard\u0131mc\u0131s\u0131 olarak cinsiyet e\u015fitli\u011fi politikalar\u0131n\u0131n tan\u0131mlanmas\u0131na ve uygulanmas\u0131na hi\u00e7 kat\u0131ld\u0131n\u0131z m\u0131? Evetse bu politikalar nelerdi? Sizce neden faydal\u0131lard\u0131? De\u011filse neden faydal\u0131 de\u011fillerdi?<\/strong><\/p>\n<\/div>\n\n\n\n<div class=\"wp-container-11 wp-block-column\" style=\"flex-basis:66.66%\">\n<figure class=\"wp-block-embed is-type-video is-provider-youtube wp-block-embed-youtube wp-embed-aspect-16-9 wp-has-aspect-ratio\"><div class=\"wp-block-embed__wrapper\">\n<div class=\"ast-oembed-container\" style=\"height: 100%;\"><iframe loading=\"lazy\" title=\"Ye\u015fim KURUO\u011eLU - Board Member of the Turkish Underwater Federation - 4\" width=\"500\" height=\"281\" src=\"https:\/\/www.youtube.com\/embed\/tYKqn27-wF4?feature=oembed\" frameborder=\"0\" allow=\"accelerometer; autoplay; clipboard-write; encrypted-media; gyroscope; picture-in-picture\" allowfullscreen><\/iframe><\/div>\n<\/div><\/figure>\n<\/div>\n<\/div>\n\n\n\n<div class=\"wp-container-15 wp-block-columns\">\n<div class=\"wp-container-13 wp-block-column is-vertically-aligned-center\" style=\"flex-basis:33.33%\">\n<p><strong>Yer ald\u0131\u011f\u0131n\u0131z y\u00f6netim kurulunun genel sorumluluklar\u0131 nelerdir? Ve ne zamandan beri y\u00f6netim kurulunda yer al\u0131yorsunuz?<\/strong><\/p>\n<\/div>\n\n\n\n<div class=\"wp-container-14 wp-block-column\" style=\"flex-basis:66.66%\">\n<figure class=\"wp-block-embed is-type-video is-provider-youtube wp-block-embed-youtube wp-embed-aspect-16-9 wp-has-aspect-ratio\"><div class=\"wp-block-embed__wrapper\">\n<div class=\"ast-oembed-container\" style=\"height: 100%;\"><iframe loading=\"lazy\" title=\"Ye\u015fim KURUO\u011eLU - Board Member of the Turkish Underwater Federation - 5\" width=\"500\" height=\"281\" src=\"https:\/\/www.youtube.com\/embed\/UA6bLu9noSY?feature=oembed\" frameborder=\"0\" allow=\"accelerometer; autoplay; clipboard-write; encrypted-media; gyroscope; picture-in-picture\" allowfullscreen><\/iframe><\/div>\n<\/div><\/figure>\n<\/div>\n<\/div>\n\n\n\n<div class=\"wp-container-18 wp-block-columns\">\n<div class=\"wp-container-16 wp-block-column is-vertically-aligned-center\" style=\"flex-basis:33.33%\">\n<p><strong>Bu mevkide oldu\u011funuzdan beri kar\u015f\u0131la\u015ft\u0131\u011f\u0131n\u0131z ana zorluklar nelerdir?<\/strong><\/p>\n<\/div>\n\n\n\n<div class=\"wp-container-17 wp-block-column\" style=\"flex-basis:66.66%\">\n<figure class=\"wp-block-embed is-type-video is-provider-youtube wp-block-embed-youtube wp-embed-aspect-16-9 wp-has-aspect-ratio\"><div class=\"wp-block-embed__wrapper\">\n<div class=\"ast-oembed-container\" style=\"height: 100%;\"><iframe loading=\"lazy\" title=\"Ye\u015fim KURUO\u011eLU - Board Member of the Turkish Underwater Federation - 6\" width=\"500\" height=\"281\" src=\"https:\/\/www.youtube.com\/embed\/Betp7klUkFI?feature=oembed\" frameborder=\"0\" allow=\"accelerometer; autoplay; clipboard-write; encrypted-media; gyroscope; picture-in-picture\" allowfullscreen><\/iframe><\/div>\n<\/div><\/figure>\n<\/div>\n<\/div>\n\n\n\n<div class=\"wp-container-21 wp-block-columns\">\n<div class=\"wp-container-19 wp-block-column is-vertically-aligned-center\" style=\"flex-basis:33.33%\">\n<p><strong>Kad\u0131nlar\u0131n spor kurumsal y\u00f6netimine kat\u0131l\u0131m\u0131 hakk\u0131nda ne d\u00fc\u015f\u00fcn\u00fcyorsunuz? (E\u015fitlik oldu\u011funu d\u00fc\u015f\u00fcn\u00fcyor musunuz?)<\/strong><\/p>\n<\/div>\n\n\n\n<div class=\"wp-container-20 wp-block-column\" style=\"flex-basis:66.66%\">\n<figure class=\"wp-block-embed is-type-video is-provider-youtube wp-block-embed-youtube wp-embed-aspect-16-9 wp-has-aspect-ratio\"><div class=\"wp-block-embed__wrapper\">\n<div class=\"ast-oembed-container\" style=\"height: 100%;\"><iframe loading=\"lazy\" title=\"Ye\u015fim KURUO\u011eLU - Board Member of the Turkish Underwater Federation - 7\" width=\"500\" height=\"281\" src=\"https:\/\/www.youtube.com\/embed\/bd9zvtUe_Yk?feature=oembed\" frameborder=\"0\" allow=\"accelerometer; autoplay; clipboard-write; encrypted-media; gyroscope; picture-in-picture\" allowfullscreen><\/iframe><\/div>\n<\/div><\/figure>\n<\/div>\n<\/div>\n\n\n\n<div class=\"wp-container-24 wp-block-columns\">\n<div class=\"wp-container-22 wp-block-column is-vertically-aligned-center\" style=\"flex-basis:33.33%\">\n<p><strong>E\u015fitli\u011fi art\u0131rmak i\u00e7in ba\u015fka hangi politikalar\u0131 veya \u00f6nlemleri almay\u0131 d\u00fc\u015f\u00fcn\u00fcyorsunuz?<\/strong><\/p>\n<\/div>\n\n\n\n<div class=\"wp-container-23 wp-block-column\" style=\"flex-basis:66.66%\">\n<figure class=\"wp-block-embed is-type-video is-provider-youtube wp-block-embed-youtube wp-embed-aspect-16-9 wp-has-aspect-ratio\"><div class=\"wp-block-embed__wrapper\">\n<div class=\"ast-oembed-container\" style=\"height: 100%;\"><iframe loading=\"lazy\" title=\"Ye\u015fim KURUO\u011eLU - Board Member of the Turkish Underwater Federation - 8\" width=\"500\" height=\"281\" src=\"https:\/\/www.youtube.com\/embed\/Z8TOyevqFBY?feature=oembed\" frameborder=\"0\" allow=\"accelerometer; autoplay; clipboard-write; encrypted-media; gyroscope; picture-in-picture\" allowfullscreen><\/iframe><\/div>\n<\/div><\/figure>\n<\/div>\n<\/div>\n\n\n\n<div class=\"wp-container-27 wp-block-columns\">\n<div class=\"wp-container-25 wp-block-column is-vertically-aligned-center\" style=\"flex-basis:33.33%\">\n<p><strong>Y\u00f6netim kurulundaki temsiliniz toplumdaki cinsiyet e\u015fitli\u011fine daha fazla katk\u0131da bulundu\u011funu d\u00fc\u015f\u00fcn\u00fcyor musunuz? Evet, ise nas\u0131l? Hay\u0131r, ise neden?<\/strong><\/p>\n<\/div>\n\n\n\n<div class=\"wp-container-26 wp-block-column\" style=\"flex-basis:66.66%\">\n<figure class=\"wp-block-embed is-type-video is-provider-youtube wp-block-embed-youtube wp-embed-aspect-16-9 wp-has-aspect-ratio\"><div class=\"wp-block-embed__wrapper\">\n<div class=\"ast-oembed-container\" style=\"height: 100%;\"><iframe loading=\"lazy\" title=\"Ye\u015fim KURUO\u011eLU - Board Member of the Turkish Underwater Federation - 9\" width=\"500\" height=\"281\" src=\"https:\/\/www.youtube.com\/embed\/yzXG77icIEI?feature=oembed\" frameborder=\"0\" allow=\"accelerometer; autoplay; clipboard-write; encrypted-media; gyroscope; picture-in-picture\" allowfullscreen><\/iframe><\/div>\n<\/div><\/figure>\n<\/div>\n<\/div>\n\n\n\n<div class=\"wp-container-30 wp-block-columns\">\n<div class=\"wp-container-28 wp-block-column is-vertically-aligned-center\" style=\"flex-basis:33.33%\">\n<p><strong>Spor kurullarda g\u00f6rev alan di\u011fer kad\u0131nlara neler tavsiye edersiniz?<\/strong><\/p>\n<\/div>\n\n\n\n<div class=\"wp-container-29 wp-block-column\" style=\"flex-basis:66.66%\">\n<figure class=\"wp-block-embed is-type-video is-provider-youtube wp-block-embed-youtube wp-embed-aspect-16-9 wp-has-aspect-ratio\"><div class=\"wp-block-embed__wrapper\">\n<div class=\"ast-oembed-container\" style=\"height: 100%;\"><iframe loading=\"lazy\" title=\"Ye\u015fim KURUO\u011eLU - Board Member of the Turkish Underwater Federation - 10\" width=\"500\" height=\"281\" src=\"https:\/\/www.youtube.com\/embed\/U_9s_E2CgoY?feature=oembed\" frameborder=\"0\" allow=\"accelerometer; autoplay; clipboard-write; encrypted-media; gyroscope; picture-in-picture\" allowfullscreen><\/iframe><\/div>\n<\/div><\/figure>\n<\/div>\n<\/div>\n","protected":false},"excerpt":{"rendered":"<p>T\u00fcrkiye Sualt\u0131 Federasyonu Y\u00f6netim Kurulu \u00dcyesi Hayat\u0131n\u0131zda sporun rol\u00fc nedir? Temsil etti\u011finiz bu sporla ili\u015fkinize ne zaman ve nas\u0131l ba\u015flad\u0131n\u0131z? G\u00fcn\u00fcm\u00fczde spor organizasyonlar\u0131nda kad\u0131nlar\u0131n temsili hakk\u0131nda ne d\u00fc\u015f\u00fcn\u00fcyorsunuz? Ba\u015fkan yard\u0131mc\u0131s\u0131 olarak cinsiyet e\u015fitli\u011fi politikalar\u0131n\u0131n tan\u0131mlanmas\u0131na ve uygulanmas\u0131na hi\u00e7 kat\u0131ld\u0131n\u0131z m\u0131? Evetse bu politikalar nelerdi? Sizce neden faydal\u0131lard\u0131? De\u011filse neden faydal\u0131 de\u011fillerdi? Yer ald\u0131\u011f\u0131n\u0131z y\u00f6netim kurulunun &hellip;<\/p>\n<p class=\"read-more\"> <a class=\"\" href=\"https:\/\/gesport.unizar.es\/tr\/yesim-kuruoglu\/\"> <span class=\"screen-reader-text\">Ye\u015fim KURUO\u011eLU<\/span> Read More &raquo;<\/a><\/p>\n","protected":false},"author":3,"featured_media":8164,"comment_status":"closed","ping_status":"closed","sticky":false,"template":"","format":"standard","meta":{"site-sidebar-layout":"default","site-content-layout":"default","ast-global-header-display":"","ast-main-header-display":"","ast-hfb-above-header-display":"","ast-hfb-below-header-display":"","ast-hfb-mobile-header-display":"","site-post-title":"","ast-breadcrumbs-content":"","ast-featured-img":"","footer-sml-layout":"","theme-transparent-header-meta":"","adv-header-id-meta":"","stick-header-meta":"","header-above-stick-meta":"","header-main-stick-meta":"","header-below-stick-meta":""},"categories":[16],"tags":[],"translation":{"provider":"WPGlobus","version":"2.10.4","language":"tr","enabled_languages":["gb","es","tr","it","pt"],"languages":{"gb":{"title":true,"content":true,"excerpt":false},"es":{"title":true,"content":true,"excerpt":false},"tr":{"title":true,"content":true,"excerpt":false},"it":{"title":true,"content":true,"excerpt":false},"pt":{"title":true,"content":true,"excerpt":false}}},"yoast_head":"<!-- This site is optimized with the Yoast SEO plugin v19.7.1 - https:\/\/yoast.com\/wordpress\/plugins\/seo\/ -->\n<title>Ye\u015fim KURUO\u011eLU - GESPORT+<\/title>\n<meta name=\"robots\" content=\"index, follow, max-snippet:-1, max-image-preview:large, max-video-preview:-1\" \/>\n<link rel=\"canonical\" href=\"https:\/\/gesport.unizar.es\/yesim-kuruoglu\/\" \/>\n<meta property=\"og:locale\" content=\"tr_TR\" \/>\n<meta property=\"og:type\" content=\"article\" \/>\n<meta property=\"og:title\" content=\"Ye\u015fim KURUO\u011eLU - GESPORT+\" \/>\n<meta property=\"og:url\" content=\"https:\/\/gesport.unizar.es\/yesim-kuruoglu\/\" \/>\n<meta property=\"og:site_name\" content=\"GESPORT+\" \/>\n<meta property=\"article:published_time\" content=\"2022-06-09T16:36:39+00:00\" \/>\n<meta property=\"article:modified_time\" content=\"2022-07-25T17:33:32+00:00\" \/>\n<meta name=\"author\" content=\"as_admin\" \/>\n<meta name=\"twitter:card\" content=\"summary_large_image\" \/>\n<meta name=\"twitter:image\" content=\"https:\/\/gesport.unizar.es\/wp-content\/uploads\/2022\/06\/IMG_5410.jpg\" \/>\n<meta name=\"twitter:label1\" content=\"Written by\" \/>\n\t<meta name=\"twitter:data1\" content=\"as_admin\" \/>\n\t<meta name=\"twitter:label2\" content=\"Est. reading time\" \/>\n\t<meta name=\"twitter:data2\" content=\"1 minute\" \/>\n<script type=\"application\/ld+json\" class=\"yoast-schema-graph\">{\"@context\":\"https:\/\/schema.org\",\"@graph\":[{\"@type\":\"Article\",\"@id\":\"https:\/\/gesport.unizar.es\/yesim-kuruoglu\/#article\",\"isPartOf\":{\"@id\":\"https:\/\/gesport.unizar.es\/yesim-kuruoglu\/\"},\"author\":{\"name\":\"as_admin\",\"@id\":\"https:\/\/gesport.unizar.es\/#\/schema\/person\/682a02b74cd11e57bb8fd466e42d09d9\"},\"headline\":\"Ye\u015fim KURUO\u011eLU\",\"datePublished\":\"2022-06-09T16:36:39+00:00\",\"dateModified\":\"2022-07-25T17:33:32+00:00\",\"mainEntityOfPage\":{\"@id\":\"https:\/\/gesport.unizar.es\/yesim-kuruoglu\/\"},\"wordCount\":1997,\"publisher\":{\"@id\":\"https:\/\/gesport.unizar.es\/#organization\"},\"articleSection\":[\"interviews\"],\"inLanguage\":\"tr-TR\"},{\"@type\":\"WebPage\",\"@id\":\"https:\/\/gesport.unizar.es\/yesim-kuruoglu\/\",\"url\":\"https:\/\/gesport.unizar.es\/yesim-kuruoglu\/\",\"name\":\"Ye\u015fim KURUO\u011eLU - GESPORT+\",\"isPartOf\":{\"@id\":\"https:\/\/gesport.unizar.es\/#website\"},\"datePublished\":\"2022-06-09T16:36:39+00:00\",\"dateModified\":\"2022-07-25T17:33:32+00:00\",\"breadcrumb\":{\"@id\":\"https:\/\/gesport.unizar.es\/yesim-kuruoglu\/#breadcrumb\"},\"inLanguage\":\"tr-TR\",\"potentialAction\":[{\"@type\":\"ReadAction\",\"target\":[\"https:\/\/gesport.unizar.es\/yesim-kuruoglu\/\"]}]},{\"@type\":\"BreadcrumbList\",\"@id\":\"https:\/\/gesport.unizar.es\/yesim-kuruoglu\/#breadcrumb\",\"itemListElement\":[{\"@type\":\"ListItem\",\"position\":1,\"name\":\"Portada\",\"item\":\"https:\/\/gesport.unizar.es\/\"},{\"@type\":\"ListItem\",\"position\":2,\"name\":\"Ye\u015fim KURUO\u011eLU\"}]},{\"@type\":\"WebSite\",\"@id\":\"https:\/\/gesport.unizar.es\/#website\",\"url\":\"https:\/\/gesport.unizar.es\/\",\"name\":\"GESPORT+\",\"description\":\"Corporate governance in sport organizations:  a gendered approach\",\"publisher\":{\"@id\":\"https:\/\/gesport.unizar.es\/#organization\"},\"potentialAction\":[{\"@type\":\"SearchAction\",\"target\":{\"@type\":\"EntryPoint\",\"urlTemplate\":\"https:\/\/gesport.unizar.es\/?s={search_term_string}\"},\"query-input\":\"required name=search_term_string\"}],\"inLanguage\":\"tr-TR\"},{\"@type\":\"Organization\",\"@id\":\"https:\/\/gesport.unizar.es\/#organization\",\"name\":\"GESPORT Erasmus+\",\"url\":\"https:\/\/gesport.unizar.es\/\",\"sameAs\":[],\"logo\":{\"@type\":\"ImageObject\",\"inLanguage\":\"tr-TR\",\"@id\":\"https:\/\/gesport.unizar.es\/#\/schema\/logo\/image\/\",\"url\":\"http:\/\/gesport.unizar.es\/wp-content\/uploads\/2018\/12\/4.jpg\",\"contentUrl\":\"http:\/\/gesport.unizar.es\/wp-content\/uploads\/2018\/12\/4.jpg\",\"width\":400,\"height\":400,\"caption\":\"GESPORT Erasmus+\"},\"image\":{\"@id\":\"https:\/\/gesport.unizar.es\/#\/schema\/logo\/image\/\"}},{\"@type\":\"Person\",\"@id\":\"https:\/\/gesport.unizar.es\/#\/schema\/person\/682a02b74cd11e57bb8fd466e42d09d9\",\"name\":\"as_admin\",\"url\":\"https:\/\/gesport.unizar.es\/tr\/author\/as_admin\/\"}]}<\/script>\n<!-- \/ Yoast SEO plugin. -->","yoast_head_json":{"title":"Ye\u015fim KURUO\u011eLU - GESPORT+","robots":{"index":"index","follow":"follow","max-snippet":"max-snippet:-1","max-image-preview":"max-image-preview:large","max-video-preview":"max-video-preview:-1"},"canonical":"https:\/\/gesport.unizar.es\/yesim-kuruoglu\/","og_locale":"tr_TR","og_type":"article","og_title":"Ye\u015fim KURUO\u011eLU - GESPORT+","og_url":"https:\/\/gesport.unizar.es\/yesim-kuruoglu\/","og_site_name":"GESPORT+","article_published_time":"2022-06-09T16:36:39+00:00","article_modified_time":"2022-07-25T17:33:32+00:00","author":"as_admin","twitter_card":"summary_large_image","twitter_image":"https:\/\/gesport.unizar.es\/wp-content\/uploads\/2022\/06\/IMG_5410.jpg","twitter_misc":{"Written by":"as_admin","Est. reading time":"1 minute"},"schema":{"@context":"https:\/\/schema.org","@graph":[{"@type":"Article","@id":"https:\/\/gesport.unizar.es\/yesim-kuruoglu\/#article","isPartOf":{"@id":"https:\/\/gesport.unizar.es\/yesim-kuruoglu\/"},"author":{"name":"as_admin","@id":"https:\/\/gesport.unizar.es\/#\/schema\/person\/682a02b74cd11e57bb8fd466e42d09d9"},"headline":"Ye\u015fim KURUO\u011eLU","datePublished":"2022-06-09T16:36:39+00:00","dateModified":"2022-07-25T17:33:32+00:00","mainEntityOfPage":{"@id":"https:\/\/gesport.unizar.es\/yesim-kuruoglu\/"},"wordCount":1997,"publisher":{"@id":"https:\/\/gesport.unizar.es\/#organization"},"articleSection":["interviews"],"inLanguage":"tr-TR"},{"@type":"WebPage","@id":"https:\/\/gesport.unizar.es\/yesim-kuruoglu\/","url":"https:\/\/gesport.unizar.es\/yesim-kuruoglu\/","name":"Ye\u015fim KURUO\u011eLU - GESPORT+","isPartOf":{"@id":"https:\/\/gesport.unizar.es\/#website"},"datePublished":"2022-06-09T16:36:39+00:00","dateModified":"2022-07-25T17:33:32+00:00","breadcrumb":{"@id":"https:\/\/gesport.unizar.es\/yesim-kuruoglu\/#breadcrumb"},"inLanguage":"tr-TR","potentialAction":[{"@type":"ReadAction","target":["https:\/\/gesport.unizar.es\/yesim-kuruoglu\/"]}]},{"@type":"BreadcrumbList","@id":"https:\/\/gesport.unizar.es\/yesim-kuruoglu\/#breadcrumb","itemListElement":[{"@type":"ListItem","position":1,"name":"Portada","item":"https:\/\/gesport.unizar.es\/"},{"@type":"ListItem","position":2,"name":"Ye\u015fim KURUO\u011eLU"}]},{"@type":"WebSite","@id":"https:\/\/gesport.unizar.es\/#website","url":"https:\/\/gesport.unizar.es\/","name":"GESPORT+","description":"Corporate governance in sport organizations:  a gendered approach","publisher":{"@id":"https:\/\/gesport.unizar.es\/#organization"},"potentialAction":[{"@type":"SearchAction","target":{"@type":"EntryPoint","urlTemplate":"https:\/\/gesport.unizar.es\/?s={search_term_string}"},"query-input":"required name=search_term_string"}],"inLanguage":"tr-TR"},{"@type":"Organization","@id":"https:\/\/gesport.unizar.es\/#organization","name":"GESPORT Erasmus+","url":"https:\/\/gesport.unizar.es\/","sameAs":[],"logo":{"@type":"ImageObject","inLanguage":"tr-TR","@id":"https:\/\/gesport.unizar.es\/#\/schema\/logo\/image\/","url":"http:\/\/gesport.unizar.es\/wp-content\/uploads\/2018\/12\/4.jpg","contentUrl":"http:\/\/gesport.unizar.es\/wp-content\/uploads\/2018\/12\/4.jpg","width":400,"height":400,"caption":"GESPORT Erasmus+"},"image":{"@id":"https:\/\/gesport.unizar.es\/#\/schema\/logo\/image\/"}},{"@type":"Person","@id":"https:\/\/gesport.unizar.es\/#\/schema\/person\/682a02b74cd11e57bb8fd466e42d09d9","name":"as_admin","url":"https:\/\/gesport.unizar.es\/tr\/author\/as_admin\/"}]}},"_links":{"self":[{"href":"https:\/\/gesport.unizar.es\/tr\/wp-json\/wp\/v2\/posts\/7913"}],"collection":[{"href":"https:\/\/gesport.unizar.es\/tr\/wp-json\/wp\/v2\/posts"}],"about":[{"href":"https:\/\/gesport.unizar.es\/tr\/wp-json\/wp\/v2\/types\/post"}],"author":[{"embeddable":true,"href":"https:\/\/gesport.unizar.es\/tr\/wp-json\/wp\/v2\/users\/3"}],"replies":[{"embeddable":true,"href":"https:\/\/gesport.unizar.es\/tr\/wp-json\/wp\/v2\/comments?post=7913"}],"version-history":[{"count":17,"href":"https:\/\/gesport.unizar.es\/tr\/wp-json\/wp\/v2\/posts\/7913\/revisions"}],"predecessor-version":[{"id":8581,"href":"https:\/\/gesport.unizar.es\/tr\/wp-json\/wp\/v2\/posts\/7913\/revisions\/8581"}],"wp:featuredmedia":[{"embeddable":true,"href":"https:\/\/gesport.unizar.es\/tr\/wp-json\/wp\/v2\/media\/8164"}],"wp:attachment":[{"href":"https:\/\/gesport.unizar.es\/tr\/wp-json\/wp\/v2\/media?parent=7913"}],"wp:term":[{"taxonomy":"category","embeddable":true,"href":"https:\/\/gesport.unizar.es\/tr\/wp-json\/wp\/v2\/categories?post=7913"},{"taxonomy":"post_tag","embeddable":true,"href":"https:\/\/gesport.unizar.es\/tr\/wp-json\/wp\/v2\/tags?post=7913"}],"curies":[{"name":"wp","href":"https:\/\/api.w.org\/{rel}","templated":true}]}}