{"id":2838,"date":"2019-02-12T12:33:18","date_gmt":"2019-02-12T12:33:18","guid":{"rendered":"http:\/\/gesport.unizar.es\/?p=2838"},"modified":"2019-02-14T12:57:08","modified_gmt":"2019-02-14T12:57:08","slug":"gender-equality-in-sports-will-be-researched-by-the-project-of-erasmus-4","status":"publish","type":"post","link":"https:\/\/gesport.unizar.es\/tr\/gender-equality-in-sports-will-be-researched-by-the-project-of-erasmus-4\/","title":{"rendered":"Erasmus+&#8221; Projesi ile Sporda Cinsiyet E\u015fitli\u011fi Ara\u015ft\u0131r\u0131lacak"},"content":{"rendered":"<div id=\"pageskin_div\">\n<section id=\"section\" class=\"detail-content\">\n<h4>Erasmus+&#8221; Projesi ile Sporda Cinsiyet E\u015fitli\u011fi Ara\u015ft\u0131r\u0131lacak<\/h4>\n<\/section>\n<\/div>\n<h5 class=\"mt10\">Sakarya \u00dcniversitesi (SA\u00dc) ve Avrupa Birli\u011fi \u00dclkeleri (\u0130spanya, \u0130talya, \u0130ngiltere ve Portekiz) \u00fcniversitelerinin i\u015fbirli\u011fi ile spor organizasyonlar\u0131nda y\u00f6netim kurullar\u0131na kad\u0131nlar\u0131n eri\u015febilirli\u011fini geli\u015ftirmek amac\u0131yla kabul edilen \u201cErasmus+\u201d projesi ba\u015flad\u0131.<\/h5>\n<p><img loading=\"lazy\" class=\"alignleft size-full wp-image-782\" src=\"http:\/\/gesport.unizar.es\/wp-content\/uploads\/2018\/10\/thumb10.jpg\" alt=\"\" width=\"800\" height=\"533\" srcset=\"https:\/\/gesport.unizar.es\/wp-content\/uploads\/2018\/10\/thumb10.jpg 800w, https:\/\/gesport.unizar.es\/wp-content\/uploads\/2018\/10\/thumb10-300x200.jpg 300w, https:\/\/gesport.unizar.es\/wp-content\/uploads\/2018\/10\/thumb10-768x512.jpg 768w\" sizes=\"(max-width: 800px) 100vw, 800px\" \/><span class=\"tlid-translation translation\"><a class=\"keyword-sd\" title=\"Sakarya \u00dcniversitesi\" href=\"https:\/\/www.sondakika.com\/sakarya-universitesi\/\">Sakarya \u00dcniversitesi<\/a> (SA\u00dc) ve <a class=\"keyword-sd\" title=\"Avrupa Birli\u011fi\" href=\"https:\/\/www.sondakika.com\/avrupa-birligi\/\">Avrupa Birli\u011fi<\/a> \u00dclkeleri ( <a class=\"keyword-sd\" title=\"\u0130spanya\" href=\"https:\/\/www.sondakika.com\/ispanya\/\">\u0130spanya<\/a>, <a class=\"keyword-sd\" title=\"\u0130talya\" href=\"https:\/\/www.sondakika.com\/italya\/\">\u0130talya<\/a>, <a class=\"keyword-sd\" title=\"\u0130ngiltere\" href=\"https:\/\/www.sondakika.com\/ingiltere\/\">\u0130ngiltere<\/a> ve <a class=\"keyword-sd\" title=\"Portekiz\" href=\"https:\/\/www.sondakika.com\/portekiz\/\">Portekiz<\/a>) \u00fcniversitelerinin i\u015fbirli\u011fi ile spor organizasyonlar\u0131nda y\u00f6netim kurullar\u0131na kad\u0131nlar\u0131n eri\u015febilirli\u011fini geli\u015ftirmek amac\u0131yla kabul edilen &#8220;Erasmus+&#8221; projesi ba\u015flad\u0131.<\/span><\/p>\n<p>Sakarya \u00dcniversitesi&#8217;nden Dr. Gonca G\u00fcng\u00f6r <a class=\"keyword-sd\" title=\"G\u00f6ksu\" href=\"https:\/\/www.sondakika.com\/goksu\/\">G\u00f6ksu<\/a>, d\u00f6rt <a class=\"keyword-sd\" title=\"AB\" href=\"https:\/\/www.sondakika.com\/ab\/\">AB<\/a> \u00fclkesinden kat\u0131lacak ara\u015ft\u0131rmac\u0131lar ile Avrupa Komisyonu &#8220;Erasmus+&#8221; spor projeleri taraf\u0131ndan finansman\u0131 sa\u011flanan bir proje kapsam\u0131nda spor organizasyonlar\u0131n\u0131n kurumsal y\u00f6neti\u015fiminde toplumsal cinsiyet e\u015fitli\u011fini ara\u015ft\u0131racak. Projenin \u00f6ncelikli amac\u0131 &#8220;Erasmus+&#8221; spor faaliyetleri kapsam\u0131ndaki t\u00fcm spor federasyonlar\u0131 ve t\u00fcm spor i\u015fbirliklerinin y\u00f6netim kurullar\u0131ndaki kad\u0131nlar\u0131n kat\u0131l\u0131m\u0131n\u0131n artt\u0131r\u0131lmas\u0131 olacak. Projenin sonu\u00e7lar\u0131n\u0131n spor organizasyonlar\u0131nda karar verme a\u015famalar\u0131nda cinsiyet e\u015fitli\u011fini te\u015fvik edece\u011fi ve olas\u0131 \u00f6nlemleri tespit etmeye katk\u0131da bulunaca\u011f\u0131 bekleniyor. &#8216;Spor Organizasyonlar\u0131nda Kurumsal Y\u00f6netim: Cinsiyete Dayal\u0131 Bir Yakla\u015f\u0131m (Corporate Governance in Sport Organizations: A Gendered Approach (GESPORT)&#8217; ba\u015fl\u0131kl\u0131 proje, 1 Ocak&#8217;ta ba\u015flad\u0131 ve ilk proje toplant\u0131s\u0131 15-19 Ocak tarihleri aras\u0131nda \u0130spanya&#8217;n\u0131n Teruel \u015fehrinde ger\u00e7ekle\u015ftirildi. \u00dc\u00e7 y\u0131l s\u00fcrecek proje 2020 y\u0131l\u0131n\u0131n <a class=\"keyword-sd\" title=\"Aral\u0131k\" href=\"https:\/\/www.sondakika.com\/aralik\/\">Aral\u0131k<\/a> ay\u0131nda sona erecek. Ara\u015ft\u0131rmac\u0131lar proje kapsam\u0131nda kad\u0131nlar\u0131n y\u00f6netim kurulu temsilcili\u011fini inceleyecekler ve kad\u0131nlar\u0131n spor organizasyonlar\u0131nda karar verme a\u015famalar\u0131nda mesleki ilerlemelerinin g\u00fc\u00e7lendirilmesi i\u00e7in \u00f6neriler sunacaklar.<\/p>\n<p>Dr. Gonca G\u00fcng\u00f6r G\u00f6ksu, projeye ili\u015fkin yap\u0131lan bas\u0131n toplant\u0131s\u0131nda, &#8221; <a class=\"keyword-sd\" title=\"T\u00fcrkiye\" href=\"https:\/\/www.sondakika.com\/turkiye\/\">T\u00fcrkiye<\/a>&#8216;deki spor organizasyonlar\u0131 kendi aras\u0131nda \u00fc\u00e7 ana gruba ayr\u0131lmaktad\u0131r. Bunlardan birincisi T.C. Gen\u00e7lik ve Spor Bakanl\u0131\u011f\u0131&#8217;d\u0131r. Bakanl\u0131k kapsam\u0131nda kad\u0131n y\u00f6neticilerin durumu analiz edildi\u011finde, ne yaz\u0131k ki \u00fcst y\u00f6netim kapsam\u0131nda hi\u00e7bir kad\u0131n y\u00f6netici bulunmamaktad\u0131r. \u0130kinci \u00f6nemli spor organizasyonu T\u00fcrkiye Olimpik Komitedir. Komite kapsam\u0131nda toplam 19 y\u00f6netim kurulu \u00fcyesi bulunmaktad\u0131r. Ancak \u00fcyelerin sadece be\u015fi kad\u0131nlardan olu\u015fmaktad\u0131r. Son olarak T\u00fcrkiye&#8217;de 59 adet spor federasyonu mevcuttur ve sadece T\u00fcrkiye Yelkencilik Federasyonunun y\u00f6netim kurulu ba\u015fkan\u0131 kad\u0131nd\u0131r. Genel bir de\u011ferlendirme yap\u0131ld\u0131\u011f\u0131nda, T\u00fcrkiye&#8217;deki spor organizasyonlar\u0131n\u0131n y\u00f6netim kurullar\u0131nda kad\u0131n y\u00f6neticilerin oran\u0131 y\u00fczde 5&#8217;tir. Geriye kalan y\u00fczde 95&#8217;lik pay erkek y\u00f6netim kurulu \u00fcyelerinden olu\u015fmaktad\u0131r. Projede yer alan ortak \u00fclkeler k\u0131yasland\u0131\u011f\u0131nda san\u0131r\u0131m en k\u00f6t\u00fc durum T\u00fcrkiye&#8217;dedir. Bu projenin bu anlamda olumlu katk\u0131 sa\u011flayaca\u011f\u0131ndan umutluyum ve projenin sonucunda bunu hep birlikte g\u00f6rece\u011fiz&#8221; dedi.<\/p>\n<p>Proje ilk a\u015famada her ortak \u00fclkeden elde edilecek bir veri taban\u0131 ve anket ile ulusal spor y\u00f6netim kurullar\u0131nda kad\u0131nlar\u0131n temsiline ili\u015fkin genel bir bak\u0131\u015f a\u00e7\u0131s\u0131 geli\u015ftirecek. \u0130kinci a\u015famada ise yap\u0131lacak m\u00fclakatlar ile mesleki hayat\u0131nda cam tavan ile kar\u015f\u0131la\u015fm\u0131\u015f ya da spor alan\u0131nda ilgin\u00e7 ve tatmin edici hikayeleri olan kad\u0131n y\u00f6netim kurulu \u00fcyelerinin deneyimleri analiz edecek. Ayr\u0131ca, proje kapsam\u0131nda bir logo yar\u0131\u015fmas\u0131 da yap\u0131lacak. Bu yar\u0131\u015fmaya be\u015f ortak \u00fclkeden g\u00fczel sanatlar fak\u00fcltesi \u00f6\u011frencileri kat\u0131labilecek. Bununla birlikte, projenin bir par\u00e7as\u0131 olarak Teruel ilinde yaz okulu d\u00fczenlenecek. Projenin son a\u015famas\u0131nda ise spor ve kad\u0131n konulu uluslararas\u0131 bir konferans ger\u00e7ekle\u015fecek. &#8211; SAKARYA<\/p>\n<p>O<span class=\"tlid-translation translation\"><span class=\"\" title=\"\">rijinal habere git<\/span><\/span>: https:\/\/www.sondakika.com\/haber\/haber-erasmus-projesi-ile-sporda-cinsiyet-esitligi-10496868\/<\/p>\n","protected":false},"excerpt":{"rendered":"<p>Erasmus+&#8221; Projesi ile Sporda Cinsiyet E\u015fitli\u011fi Ara\u015ft\u0131r\u0131lacak Sakarya \u00dcniversitesi (SA\u00dc) ve Avrupa Birli\u011fi \u00dclkeleri (\u0130spanya, \u0130talya, \u0130ngiltere ve Portekiz) \u00fcniversitelerinin i\u015fbirli\u011fi ile spor organizasyonlar\u0131nda y\u00f6netim kurullar\u0131na kad\u0131nlar\u0131n eri\u015febilirli\u011fini geli\u015ftirmek amac\u0131yla kabul edilen \u201cErasmus+\u201d projesi ba\u015flad\u0131. Sakarya \u00dcniversitesi (SA\u00dc) ve Avrupa Birli\u011fi \u00dclkeleri ( \u0130spanya, \u0130talya, \u0130ngiltere ve Portekiz) \u00fcniversitelerinin i\u015fbirli\u011fi ile spor organizasyonlar\u0131nda y\u00f6netim kurullar\u0131na &hellip;<\/p>\n<p class=\"read-more\"> <a class=\"\" href=\"https:\/\/gesport.unizar.es\/tr\/gender-equality-in-sports-will-be-researched-by-the-project-of-erasmus-4\/\"> <span class=\"screen-reader-text\">Erasmus+&#8221; Projesi ile Sporda Cinsiyet E\u015fitli\u011fi Ara\u015ft\u0131r\u0131lacak<\/span> Read More &raquo;<\/a><\/p>\n","protected":false},"author":3,"featured_media":2876,"comment_status":"closed","ping_status":"closed","sticky":false,"template":"","format":"standard","meta":{"site-sidebar-layout":"default","site-content-layout":"default","ast-global-header-display":"","ast-main-header-display":"","ast-hfb-above-header-display":"","ast-hfb-below-header-display":"","ast-hfb-mobile-header-display":"","site-post-title":"","ast-breadcrumbs-content":"","ast-featured-img":"","footer-sml-layout":"","theme-transparent-header-meta":"","adv-header-id-meta":"","stick-header-meta":"","header-above-stick-meta":"","header-main-stick-meta":"","header-below-stick-meta":""},"categories":[8],"tags":[],"translation":{"provider":"WPGlobus","version":"2.10.4","language":"tr","enabled_languages":["gb","es","tr","it","pt"],"languages":{"gb":{"title":true,"content":true,"excerpt":false},"es":{"title":false,"content":false,"excerpt":false},"tr":{"title":true,"content":true,"excerpt":false},"it":{"title":false,"content":false,"excerpt":false},"pt":{"title":false,"content":false,"excerpt":false}}},"yoast_head":"<!-- This site is optimized with the Yoast SEO plugin v19.7.1 - https:\/\/yoast.com\/wordpress\/plugins\/seo\/ -->\n<title>Erasmus+&quot; Projesi ile Sporda Cinsiyet E\u015fitli\u011fi Ara\u015ft\u0131r\u0131lacak - GESPORT+<\/title>\n<meta name=\"robots\" content=\"index, follow, max-snippet:-1, max-image-preview:large, max-video-preview:-1\" \/>\n<link rel=\"canonical\" href=\"https:\/\/gesport.unizar.es\/gender-equality-in-sports-will-be-researched-by-the-project-of-erasmus-4\/\" \/>\n<meta property=\"og:locale\" content=\"tr_TR\" \/>\n<meta property=\"og:type\" content=\"article\" \/>\n<meta property=\"og:title\" content=\"Erasmus+&quot; Projesi ile Sporda Cinsiyet E\u015fitli\u011fi Ara\u015ft\u0131r\u0131lacak - GESPORT+\" \/>\n<meta property=\"og:url\" content=\"https:\/\/gesport.unizar.es\/gender-equality-in-sports-will-be-researched-by-the-project-of-erasmus-4\/\" \/>\n<meta property=\"og:site_name\" content=\"GESPORT+\" \/>\n<meta property=\"article:published_time\" content=\"2019-02-12T12:33:18+00:00\" \/>\n<meta property=\"article:modified_time\" content=\"2019-02-14T12:57:08+00:00\" \/>\n<meta property=\"og:image\" content=\"https:\/\/gesport.unizar.es\/wp-content\/uploads\/2019\/02\/thumb30.jpg\" \/>\n\t<meta property=\"og:image:width\" content=\"1202\" \/>\n\t<meta property=\"og:image:height\" content=\"800\" \/>\n\t<meta property=\"og:image:type\" content=\"image\/jpeg\" \/>\n<meta name=\"author\" content=\"as_admin\" \/>\n<meta name=\"twitter:card\" content=\"summary_large_image\" \/>\n<meta name=\"twitter:label1\" content=\"Written by\" \/>\n\t<meta name=\"twitter:data1\" content=\"as_admin\" \/>\n\t<meta name=\"twitter:label2\" content=\"Est. reading time\" \/>\n\t<meta name=\"twitter:data2\" content=\"6 minutes\" \/>\n<script type=\"application\/ld+json\" class=\"yoast-schema-graph\">{\"@context\":\"https:\/\/schema.org\",\"@graph\":[{\"@type\":\"Article\",\"@id\":\"https:\/\/gesport.unizar.es\/gender-equality-in-sports-will-be-researched-by-the-project-of-erasmus-4\/#article\",\"isPartOf\":{\"@id\":\"https:\/\/gesport.unizar.es\/gender-equality-in-sports-will-be-researched-by-the-project-of-erasmus-4\/\"},\"author\":{\"name\":\"as_admin\",\"@id\":\"https:\/\/gesport.unizar.es\/#\/schema\/person\/682a02b74cd11e57bb8fd466e42d09d9\"},\"headline\":\"Erasmus+&#8221; Projesi ile Sporda Cinsiyet E\u015fitli\u011fi Ara\u015ft\u0131r\u0131lacak\",\"datePublished\":\"2019-02-12T12:33:18+00:00\",\"dateModified\":\"2019-02-14T12:57:08+00:00\",\"mainEntityOfPage\":{\"@id\":\"https:\/\/gesport.unizar.es\/gender-equality-in-sports-will-be-researched-by-the-project-of-erasmus-4\/\"},\"wordCount\":1204,\"publisher\":{\"@id\":\"https:\/\/gesport.unizar.es\/#organization\"},\"articleSection\":[\"Press news\"],\"inLanguage\":\"tr-TR\"},{\"@type\":\"WebPage\",\"@id\":\"https:\/\/gesport.unizar.es\/gender-equality-in-sports-will-be-researched-by-the-project-of-erasmus-4\/\",\"url\":\"https:\/\/gesport.unizar.es\/gender-equality-in-sports-will-be-researched-by-the-project-of-erasmus-4\/\",\"name\":\"Erasmus+\\\" Projesi ile Sporda Cinsiyet E\u015fitli\u011fi Ara\u015ft\u0131r\u0131lacak - GESPORT+\",\"isPartOf\":{\"@id\":\"https:\/\/gesport.unizar.es\/#website\"},\"datePublished\":\"2019-02-12T12:33:18+00:00\",\"dateModified\":\"2019-02-14T12:57:08+00:00\",\"breadcrumb\":{\"@id\":\"https:\/\/gesport.unizar.es\/gender-equality-in-sports-will-be-researched-by-the-project-of-erasmus-4\/#breadcrumb\"},\"inLanguage\":\"tr-TR\",\"potentialAction\":[{\"@type\":\"ReadAction\",\"target\":[\"https:\/\/gesport.unizar.es\/gender-equality-in-sports-will-be-researched-by-the-project-of-erasmus-4\/\"]}]},{\"@type\":\"BreadcrumbList\",\"@id\":\"https:\/\/gesport.unizar.es\/gender-equality-in-sports-will-be-researched-by-the-project-of-erasmus-4\/#breadcrumb\",\"itemListElement\":[{\"@type\":\"ListItem\",\"position\":1,\"name\":\"Portada\",\"item\":\"https:\/\/gesport.unizar.es\/\"},{\"@type\":\"ListItem\",\"position\":2,\"name\":\"Gender Equality in Sports will be researched by the Project of Erasmus +\"}]},{\"@type\":\"WebSite\",\"@id\":\"https:\/\/gesport.unizar.es\/#website\",\"url\":\"https:\/\/gesport.unizar.es\/\",\"name\":\"GESPORT+\",\"description\":\"Corporate governance in sport organizations:  a gendered approach\",\"publisher\":{\"@id\":\"https:\/\/gesport.unizar.es\/#organization\"},\"potentialAction\":[{\"@type\":\"SearchAction\",\"target\":{\"@type\":\"EntryPoint\",\"urlTemplate\":\"https:\/\/gesport.unizar.es\/?s={search_term_string}\"},\"query-input\":\"required name=search_term_string\"}],\"inLanguage\":\"tr-TR\"},{\"@type\":\"Organization\",\"@id\":\"https:\/\/gesport.unizar.es\/#organization\",\"name\":\"GESPORT Erasmus+\",\"url\":\"https:\/\/gesport.unizar.es\/\",\"sameAs\":[],\"logo\":{\"@type\":\"ImageObject\",\"inLanguage\":\"tr-TR\",\"@id\":\"https:\/\/gesport.unizar.es\/#\/schema\/logo\/image\/\",\"url\":\"http:\/\/gesport.unizar.es\/wp-content\/uploads\/2018\/12\/4.jpg\",\"contentUrl\":\"http:\/\/gesport.unizar.es\/wp-content\/uploads\/2018\/12\/4.jpg\",\"width\":400,\"height\":400,\"caption\":\"GESPORT Erasmus+\"},\"image\":{\"@id\":\"https:\/\/gesport.unizar.es\/#\/schema\/logo\/image\/\"}},{\"@type\":\"Person\",\"@id\":\"https:\/\/gesport.unizar.es\/#\/schema\/person\/682a02b74cd11e57bb8fd466e42d09d9\",\"name\":\"as_admin\",\"url\":\"https:\/\/gesport.unizar.es\/tr\/author\/as_admin\/\"}]}<\/script>\n<!-- \/ Yoast SEO plugin. -->","yoast_head_json":{"title":"Erasmus+\" Projesi ile Sporda Cinsiyet E\u015fitli\u011fi Ara\u015ft\u0131r\u0131lacak - GESPORT+","robots":{"index":"index","follow":"follow","max-snippet":"max-snippet:-1","max-image-preview":"max-image-preview:large","max-video-preview":"max-video-preview:-1"},"canonical":"https:\/\/gesport.unizar.es\/gender-equality-in-sports-will-be-researched-by-the-project-of-erasmus-4\/","og_locale":"tr_TR","og_type":"article","og_title":"Erasmus+\" Projesi ile Sporda Cinsiyet E\u015fitli\u011fi Ara\u015ft\u0131r\u0131lacak - GESPORT+","og_url":"https:\/\/gesport.unizar.es\/gender-equality-in-sports-will-be-researched-by-the-project-of-erasmus-4\/","og_site_name":"GESPORT+","article_published_time":"2019-02-12T12:33:18+00:00","article_modified_time":"2019-02-14T12:57:08+00:00","og_image":[{"width":1202,"height":800,"url":"https:\/\/gesport.unizar.es\/wp-content\/uploads\/2019\/02\/thumb30.jpg","type":"image\/jpeg"}],"author":"as_admin","twitter_card":"summary_large_image","twitter_misc":{"Written by":"as_admin","Est. reading time":"6 minutes"},"schema":{"@context":"https:\/\/schema.org","@graph":[{"@type":"Article","@id":"https:\/\/gesport.unizar.es\/gender-equality-in-sports-will-be-researched-by-the-project-of-erasmus-4\/#article","isPartOf":{"@id":"https:\/\/gesport.unizar.es\/gender-equality-in-sports-will-be-researched-by-the-project-of-erasmus-4\/"},"author":{"name":"as_admin","@id":"https:\/\/gesport.unizar.es\/#\/schema\/person\/682a02b74cd11e57bb8fd466e42d09d9"},"headline":"Erasmus+&#8221; Projesi ile Sporda Cinsiyet E\u015fitli\u011fi Ara\u015ft\u0131r\u0131lacak","datePublished":"2019-02-12T12:33:18+00:00","dateModified":"2019-02-14T12:57:08+00:00","mainEntityOfPage":{"@id":"https:\/\/gesport.unizar.es\/gender-equality-in-sports-will-be-researched-by-the-project-of-erasmus-4\/"},"wordCount":1204,"publisher":{"@id":"https:\/\/gesport.unizar.es\/#organization"},"articleSection":["Press news"],"inLanguage":"tr-TR"},{"@type":"WebPage","@id":"https:\/\/gesport.unizar.es\/gender-equality-in-sports-will-be-researched-by-the-project-of-erasmus-4\/","url":"https:\/\/gesport.unizar.es\/gender-equality-in-sports-will-be-researched-by-the-project-of-erasmus-4\/","name":"Erasmus+\" Projesi ile Sporda Cinsiyet E\u015fitli\u011fi Ara\u015ft\u0131r\u0131lacak - GESPORT+","isPartOf":{"@id":"https:\/\/gesport.unizar.es\/#website"},"datePublished":"2019-02-12T12:33:18+00:00","dateModified":"2019-02-14T12:57:08+00:00","breadcrumb":{"@id":"https:\/\/gesport.unizar.es\/gender-equality-in-sports-will-be-researched-by-the-project-of-erasmus-4\/#breadcrumb"},"inLanguage":"tr-TR","potentialAction":[{"@type":"ReadAction","target":["https:\/\/gesport.unizar.es\/gender-equality-in-sports-will-be-researched-by-the-project-of-erasmus-4\/"]}]},{"@type":"BreadcrumbList","@id":"https:\/\/gesport.unizar.es\/gender-equality-in-sports-will-be-researched-by-the-project-of-erasmus-4\/#breadcrumb","itemListElement":[{"@type":"ListItem","position":1,"name":"Portada","item":"https:\/\/gesport.unizar.es\/"},{"@type":"ListItem","position":2,"name":"Gender Equality in Sports will be researched by the Project of Erasmus +"}]},{"@type":"WebSite","@id":"https:\/\/gesport.unizar.es\/#website","url":"https:\/\/gesport.unizar.es\/","name":"GESPORT+","description":"Corporate governance in sport organizations:  a gendered approach","publisher":{"@id":"https:\/\/gesport.unizar.es\/#organization"},"potentialAction":[{"@type":"SearchAction","target":{"@type":"EntryPoint","urlTemplate":"https:\/\/gesport.unizar.es\/?s={search_term_string}"},"query-input":"required name=search_term_string"}],"inLanguage":"tr-TR"},{"@type":"Organization","@id":"https:\/\/gesport.unizar.es\/#organization","name":"GESPORT Erasmus+","url":"https:\/\/gesport.unizar.es\/","sameAs":[],"logo":{"@type":"ImageObject","inLanguage":"tr-TR","@id":"https:\/\/gesport.unizar.es\/#\/schema\/logo\/image\/","url":"http:\/\/gesport.unizar.es\/wp-content\/uploads\/2018\/12\/4.jpg","contentUrl":"http:\/\/gesport.unizar.es\/wp-content\/uploads\/2018\/12\/4.jpg","width":400,"height":400,"caption":"GESPORT Erasmus+"},"image":{"@id":"https:\/\/gesport.unizar.es\/#\/schema\/logo\/image\/"}},{"@type":"Person","@id":"https:\/\/gesport.unizar.es\/#\/schema\/person\/682a02b74cd11e57bb8fd466e42d09d9","name":"as_admin","url":"https:\/\/gesport.unizar.es\/tr\/author\/as_admin\/"}]}},"_links":{"self":[{"href":"https:\/\/gesport.unizar.es\/tr\/wp-json\/wp\/v2\/posts\/2838"}],"collection":[{"href":"https:\/\/gesport.unizar.es\/tr\/wp-json\/wp\/v2\/posts"}],"about":[{"href":"https:\/\/gesport.unizar.es\/tr\/wp-json\/wp\/v2\/types\/post"}],"author":[{"embeddable":true,"href":"https:\/\/gesport.unizar.es\/tr\/wp-json\/wp\/v2\/users\/3"}],"replies":[{"embeddable":true,"href":"https:\/\/gesport.unizar.es\/tr\/wp-json\/wp\/v2\/comments?post=2838"}],"version-history":[{"count":3,"href":"https:\/\/gesport.unizar.es\/tr\/wp-json\/wp\/v2\/posts\/2838\/revisions"}],"predecessor-version":[{"id":2881,"href":"https:\/\/gesport.unizar.es\/tr\/wp-json\/wp\/v2\/posts\/2838\/revisions\/2881"}],"wp:featuredmedia":[{"embeddable":true,"href":"https:\/\/gesport.unizar.es\/tr\/wp-json\/wp\/v2\/media\/2876"}],"wp:attachment":[{"href":"https:\/\/gesport.unizar.es\/tr\/wp-json\/wp\/v2\/media?parent=2838"}],"wp:term":[{"taxonomy":"category","embeddable":true,"href":"https:\/\/gesport.unizar.es\/tr\/wp-json\/wp\/v2\/categories?post=2838"},{"taxonomy":"post_tag","embeddable":true,"href":"https:\/\/gesport.unizar.es\/tr\/wp-json\/wp\/v2\/tags?post=2838"}],"curies":[{"name":"wp","href":"https:\/\/api.w.org\/{rel}","templated":true}]}}