{"id":7849,"date":"2022-03-28T21:22:57","date_gmt":"2022-03-28T21:22:57","guid":{"rendered":"https:\/\/gesport.unizar.es\/?p=7849"},"modified":"2022-10-03T15:39:32","modified_gmt":"2022-10-03T15:39:32","slug":"maria-jose-martinez-sanchez","status":"publish","type":"post","link":"https:\/\/gesport.unizar.es\/it\/maria-jose-martinez-sanchez\/","title":{"rendered":"Mar\u00eda Jos\u00e9 Mart\u00ednez S\u00e1nchez"},"content":{"rendered":"\n<h2 class=\"has-text-align-center\">Vicepresidente della Federazione spagnola di tennis<\/h2>\n\n\n\n<div class=\"wp-container-3 wp-block-columns\">\n<div class=\"wp-container-1 wp-block-column is-vertically-aligned-center\" style=\"flex-basis:33.33%\">\n<p><strong><strong><strong><strong>Che ruolo ha lo sport nella tua vita?<\/strong><\/strong><\/strong><\/strong><\/p>\n<\/div>\n\n\n\n<div class=\"wp-container-2 wp-block-column\" style=\"flex-basis:66.66%\">\n<figure class=\"wp-block-embed is-type-video is-provider-youtube wp-block-embed-youtube wp-embed-aspect-16-9 wp-has-aspect-ratio\"><div class=\"wp-block-embed__wrapper\">\n<div class=\"ast-oembed-container\" style=\"height: 100%;\"><iframe loading=\"lazy\" title=\"1 TENIS\" width=\"500\" height=\"281\" src=\"https:\/\/www.youtube.com\/embed\/Fst66ZyvFrc?list=PLhnGL5VosdkkBDPVETPEpJCmokptC9gep\" frameborder=\"0\" allow=\"accelerometer; autoplay; clipboard-write; encrypted-media; gyroscope; picture-in-picture\" allowfullscreen><\/iframe><\/div>\n<\/div><\/figure>\n<\/div>\n<\/div>\n\n\n\n<div class=\"wp-container-6 wp-block-columns\">\n<div class=\"wp-container-4 wp-block-column is-vertically-aligned-center\" style=\"flex-basis:33.33%\">\n<p><strong><strong><strong><strong>Quando e come sei stato coinvolto per la prima volta nello sport che rappresenti?<\/strong><\/strong><\/strong><\/strong><\/p>\n<\/div>\n\n\n\n<div class=\"wp-container-5 wp-block-column\" style=\"flex-basis:66.66%\">\n<figure class=\"wp-block-embed is-type-video is-provider-youtube wp-block-embed-youtube wp-embed-aspect-16-9 wp-has-aspect-ratio\"><div class=\"wp-block-embed__wrapper\">\n<div class=\"ast-oembed-container\" style=\"height: 100%;\"><iframe loading=\"lazy\" title=\"2 TENIS\" width=\"500\" height=\"281\" src=\"https:\/\/www.youtube.com\/embed\/GjgfyZKEKME?list=PLhnGL5VosdkkBDPVETPEpJCmokptC9gep\" frameborder=\"0\" allow=\"accelerometer; autoplay; clipboard-write; encrypted-media; gyroscope; picture-in-picture\" allowfullscreen><\/iframe><\/div>\n<\/div><\/figure>\n<\/div>\n<\/div>\n\n\n\n<div class=\"wp-container-9 wp-block-columns\">\n<div class=\"wp-container-7 wp-block-column is-vertically-aligned-center\" style=\"flex-basis:33.33%\">\n<p><strong><strong><strong><strong>Qual \u00e8 la tua opinione sull\u2019attuale livello di partecipazione femminile alle organizzazioni sportive?<\/strong><\/strong><\/strong><\/strong><\/p>\n<\/div>\n\n\n\n<div class=\"wp-container-8 wp-block-column\" style=\"flex-basis:66.66%\">\n<figure class=\"wp-block-embed is-type-video is-provider-youtube wp-block-embed-youtube wp-embed-aspect-16-9 wp-has-aspect-ratio\"><div class=\"wp-block-embed__wrapper\">\n<div class=\"ast-oembed-container\" style=\"height: 100%;\"><iframe loading=\"lazy\" title=\"3 TENIS\" width=\"500\" height=\"281\" src=\"https:\/\/www.youtube.com\/embed\/GmGyR80scZU?list=PLhnGL5VosdkkBDPVETPEpJCmokptC9gep\" frameborder=\"0\" allow=\"accelerometer; autoplay; clipboard-write; encrypted-media; gyroscope; picture-in-picture\" allowfullscreen><\/iframe><\/div>\n<\/div><\/figure>\n<\/div>\n<\/div>\n\n\n\n<div class=\"wp-container-12 wp-block-columns\">\n<div class=\"wp-container-10 wp-block-column is-vertically-aligned-center\" style=\"flex-basis:33.33%\">\n<p><strong>In qualit\u00e0 di vicepresidente, hai partecipato alla definizione e all\u2019attuazione di politiche di parit\u00e0 di genere? Se s\u00ec, quali erano queste politiche? Perch\u00e9 pensi che siano utili? In caso contrario, perch\u00e9 no?<\/strong><\/p>\n<\/div>\n\n\n\n<div class=\"wp-container-11 wp-block-column\" style=\"flex-basis:66.66%\">\n<figure class=\"wp-block-embed is-type-video is-provider-youtube wp-block-embed-youtube wp-embed-aspect-16-9 wp-has-aspect-ratio\"><div class=\"wp-block-embed__wrapper\">\n<div class=\"ast-oembed-container\" style=\"height: 100%;\"><iframe loading=\"lazy\" title=\"4 TENIS\" width=\"500\" height=\"281\" src=\"https:\/\/www.youtube.com\/embed\/GYfd55gVETc?list=PLhnGL5VosdkkBDPVETPEpJCmokptC9gep\" frameborder=\"0\" allow=\"accelerometer; autoplay; clipboard-write; encrypted-media; gyroscope; picture-in-picture\" allowfullscreen><\/iframe><\/div>\n<\/div><\/figure>\n<\/div>\n<\/div>\n\n\n\n<div class=\"wp-container-15 wp-block-columns\">\n<div class=\"wp-container-13 wp-block-column is-vertically-aligned-center\" style=\"flex-basis:33.33%\">\n<p><strong><strong><strong><strong>Quali sono le tue responsabilit\u00e0 generali nel consiglio aziendale sportivo? E da quanto tempo le detieni?<\/strong><\/strong><\/strong><\/strong><\/p>\n<\/div>\n\n\n\n<div class=\"wp-container-14 wp-block-column\" style=\"flex-basis:66.66%\">\n<figure class=\"wp-block-embed is-type-video is-provider-youtube wp-block-embed-youtube wp-embed-aspect-16-9 wp-has-aspect-ratio\"><div class=\"wp-block-embed__wrapper\">\n<div class=\"ast-oembed-container\" style=\"height: 100%;\"><iframe loading=\"lazy\" title=\"5 TENIS\" width=\"500\" height=\"281\" src=\"https:\/\/www.youtube.com\/embed\/cHvxAyisQd4?list=PLhnGL5VosdkkBDPVETPEpJCmokptC9gep\" frameborder=\"0\" allow=\"accelerometer; autoplay; clipboard-write; encrypted-media; gyroscope; picture-in-picture\" allowfullscreen><\/iframe><\/div>\n<\/div><\/figure>\n<\/div>\n<\/div>\n\n\n\n<div class=\"wp-container-18 wp-block-columns\">\n<div class=\"wp-container-16 wp-block-column is-vertically-aligned-center\" style=\"flex-basis:33.33%\">\n<p><strong><strong><strong><strong>Quali sono le principali sfide che hai affrontato da quando hai assunto il tuo ruolo attuale?<\/strong><\/strong><\/strong><\/strong><\/p>\n<\/div>\n\n\n\n<div class=\"wp-container-17 wp-block-column\" style=\"flex-basis:66.66%\">\n<figure class=\"wp-block-embed is-type-video is-provider-youtube wp-block-embed-youtube wp-embed-aspect-16-9 wp-has-aspect-ratio\"><div class=\"wp-block-embed__wrapper\">\n<div class=\"ast-oembed-container\" style=\"height: 100%;\"><iframe loading=\"lazy\" title=\"6 TENIS\" width=\"500\" height=\"281\" src=\"https:\/\/www.youtube.com\/embed\/CRowNvZOd-0?list=PLhnGL5VosdkkBDPVETPEpJCmokptC9gep\" frameborder=\"0\" allow=\"accelerometer; autoplay; clipboard-write; encrypted-media; gyroscope; picture-in-picture\" allowfullscreen><\/iframe><\/div>\n<\/div><\/figure>\n<\/div>\n<\/div>\n\n\n\n<div class=\"wp-container-21 wp-block-columns\">\n<div class=\"wp-container-19 wp-block-column is-vertically-aligned-center\" style=\"flex-basis:33.33%\">\n<p><strong><strong><strong><strong>Qual \u00e8 la tua opinione sulla partecipazione delle donne alla gestione di una federazione?<\/strong><\/strong><\/strong><\/strong><\/p>\n<\/div>\n\n\n\n<div class=\"wp-container-20 wp-block-column\" style=\"flex-basis:66.66%\">\n<figure class=\"wp-block-embed is-type-video is-provider-youtube wp-block-embed-youtube wp-embed-aspect-16-9 wp-has-aspect-ratio\"><div class=\"wp-block-embed__wrapper\">\n<div class=\"ast-oembed-container\" style=\"height: 100%;\"><iframe loading=\"lazy\" title=\"7 TENIS\" width=\"500\" height=\"281\" src=\"https:\/\/www.youtube.com\/embed\/bv0AWjLFi38?list=PLhnGL5VosdkkBDPVETPEpJCmokptC9gep\" frameborder=\"0\" allow=\"accelerometer; autoplay; clipboard-write; encrypted-media; gyroscope; picture-in-picture\" allowfullscreen><\/iframe><\/div>\n<\/div><\/figure>\n<\/div>\n<\/div>\n\n\n\n<div class=\"wp-container-24 wp-block-columns\">\n<div class=\"wp-container-22 wp-block-column is-vertically-aligned-center\" style=\"flex-basis:33.33%\">\n<p><strong>A Tuo parere, quali altre misure potrebbero essere adottate per promuovere la parit\u00e0 di genere negli organi direttivi dello sport?<\/strong><\/p>\n<\/div>\n\n\n\n<div class=\"wp-container-23 wp-block-column\" style=\"flex-basis:66.66%\">\n<figure class=\"wp-block-embed is-type-video is-provider-youtube wp-block-embed-youtube wp-embed-aspect-16-9 wp-has-aspect-ratio\"><div class=\"wp-block-embed__wrapper\">\n<div class=\"ast-oembed-container\" style=\"height: 100%;\"><iframe loading=\"lazy\" title=\"8 TENIS\" width=\"500\" height=\"281\" src=\"https:\/\/www.youtube.com\/embed\/6JeM7BQT1X8?list=PLhnGL5VosdkkBDPVETPEpJCmokptC9gep\" frameborder=\"0\" allow=\"accelerometer; autoplay; clipboard-write; encrypted-media; gyroscope; picture-in-picture\" allowfullscreen><\/iframe><\/div>\n<\/div><\/figure>\n<\/div>\n<\/div>\n\n\n\n<div class=\"wp-container-27 wp-block-columns\">\n<div class=\"wp-container-25 wp-block-column is-vertically-aligned-center\" style=\"flex-basis:33.33%\">\n<p><strong><strong><strong><strong>Pensi che il tuo ruolo nella federazione contribuisca a promuovere l\u2019uguaglianza di genere nella societ\u00e0 in generale? Se s\u00ec, come e se no, perch\u00e9 no.<\/strong><\/strong><\/strong><\/strong><\/p>\n<\/div>\n\n\n\n<div class=\"wp-container-26 wp-block-column\" style=\"flex-basis:66.66%\">\n<figure class=\"wp-block-embed is-type-video is-provider-youtube wp-block-embed-youtube wp-embed-aspect-16-9 wp-has-aspect-ratio\"><div class=\"wp-block-embed__wrapper\">\n<div class=\"ast-oembed-container\" style=\"height: 100%;\"><iframe loading=\"lazy\" title=\"9 TENIS\" width=\"500\" height=\"281\" src=\"https:\/\/www.youtube.com\/embed\/U4MHqMoPZuQ?list=PLhnGL5VosdkkBDPVETPEpJCmokptC9gep\" frameborder=\"0\" allow=\"accelerometer; autoplay; clipboard-write; encrypted-media; gyroscope; picture-in-picture\" allowfullscreen><\/iframe><\/div>\n<\/div><\/figure>\n<\/div>\n<\/div>\n\n\n\n<div class=\"wp-container-30 wp-block-columns\">\n<div class=\"wp-container-28 wp-block-column is-vertically-aligned-center\" style=\"flex-basis:33.33%\">\n<p><strong><strong><strong><strong>Che consiglio daresti ad altre donne che volessero assumere un ruolo come il tuo oggi?<\/strong><\/strong><\/strong><\/strong><\/p>\n<\/div>\n\n\n\n<div class=\"wp-container-29 wp-block-column\" style=\"flex-basis:66.66%\">\n<figure class=\"wp-block-embed is-type-video is-provider-youtube wp-block-embed-youtube wp-embed-aspect-16-9 wp-has-aspect-ratio\"><div class=\"wp-block-embed__wrapper\">\n<div class=\"ast-oembed-container\" style=\"height: 100%;\"><iframe loading=\"lazy\" title=\"10 TENIS\" width=\"500\" height=\"281\" src=\"https:\/\/www.youtube.com\/embed\/x0_9PvaCJIY?list=PLhnGL5VosdkkBDPVETPEpJCmokptC9gep\" frameborder=\"0\" allow=\"accelerometer; autoplay; clipboard-write; encrypted-media; gyroscope; picture-in-picture\" allowfullscreen><\/iframe><\/div>\n<\/div><\/figure>\n<\/div>\n<\/div>\n","protected":false},"excerpt":{"rendered":"<p>Vicepresidente della Federazione spagnola di tennis Che ruolo ha lo sport nella tua vita? Quando e come sei stato coinvolto per la prima volta nello sport che rappresenti? Qual \u00e8 la tua opinione sull\u2019attuale livello di partecipazione femminile alle organizzazioni sportive? In qualit\u00e0 di vicepresidente, hai partecipato alla definizione e all\u2019attuazione di politiche di parit\u00e0 &hellip;<\/p>\n<p class=\"read-more\"> <a class=\"\" href=\"https:\/\/gesport.unizar.es\/it\/maria-jose-martinez-sanchez\/\"> <span class=\"screen-reader-text\">Mar\u00eda Jos\u00e9 Mart\u00ednez S\u00e1nchez<\/span> Read More &raquo;<\/a><\/p>\n","protected":false},"author":3,"featured_media":8194,"comment_status":"closed","ping_status":"closed","sticky":false,"template":"","format":"standard","meta":{"site-sidebar-layout":"default","site-content-layout":"default","ast-global-header-display":"","ast-main-header-display":"","ast-hfb-above-header-display":"","ast-hfb-below-header-display":"","ast-hfb-mobile-header-display":"","site-post-title":"","ast-breadcrumbs-content":"","ast-featured-img":"","footer-sml-layout":"","theme-transparent-header-meta":"","adv-header-id-meta":"","stick-header-meta":"","header-above-stick-meta":"","header-main-stick-meta":"","header-below-stick-meta":""},"categories":[16],"tags":[],"translation":{"provider":"WPGlobus","version":"2.10.4","language":"it","enabled_languages":["gb","es","tr","it","pt"],"languages":{"gb":{"title":true,"content":true,"excerpt":false},"es":{"title":true,"content":true,"excerpt":false},"tr":{"title":true,"content":true,"excerpt":false},"it":{"title":true,"content":true,"excerpt":false},"pt":{"title":true,"content":true,"excerpt":false}}},"yoast_head":"<!-- This site is optimized with the Yoast SEO plugin v19.7.1 - https:\/\/yoast.com\/wordpress\/plugins\/seo\/ -->\n<title>Mar\u00eda Jos\u00e9 Mart\u00ednez S\u00e1nchez - GESPORT+<\/title>\n<meta name=\"robots\" content=\"index, follow, max-snippet:-1, max-image-preview:large, max-video-preview:-1\" \/>\n<link rel=\"canonical\" href=\"https:\/\/gesport.unizar.es\/maria-jose-martinez-sanchez\/\" \/>\n<meta property=\"og:locale\" content=\"it_IT\" \/>\n<meta property=\"og:type\" content=\"article\" \/>\n<meta property=\"og:title\" content=\"Mar\u00eda Jos\u00e9 Mart\u00ednez S\u00e1nchez - GESPORT+\" \/>\n<meta property=\"og:url\" content=\"https:\/\/gesport.unizar.es\/maria-jose-martinez-sanchez\/\" \/>\n<meta property=\"og:site_name\" content=\"GESPORT+\" \/>\n<meta property=\"article:published_time\" content=\"2022-03-28T21:22:57+00:00\" \/>\n<meta property=\"article:modified_time\" content=\"2022-10-03T15:39:32+00:00\" \/>\n<meta property=\"og:image\" content=\"https:\/\/gesport.unizar.es\/wp-content\/uploads\/2022\/06\/Captura.png\" \/>\n\t<meta property=\"og:image:width\" content=\"346\" \/>\n\t<meta property=\"og:image:height\" content=\"412\" \/>\n\t<meta property=\"og:image:type\" content=\"image\/png\" \/>\n<meta name=\"author\" content=\"as_admin\" \/>\n<meta name=\"twitter:card\" content=\"summary_large_image\" \/>\n<meta name=\"twitter:label1\" content=\"Written by\" \/>\n\t<meta name=\"twitter:data1\" content=\"as_admin\" \/>\n\t<meta name=\"twitter:label2\" content=\"Est. reading time\" \/>\n\t<meta name=\"twitter:data2\" content=\"1 minute\" \/>\n<script type=\"application\/ld+json\" class=\"yoast-schema-graph\">{\"@context\":\"https:\/\/schema.org\",\"@graph\":[{\"@type\":\"Article\",\"@id\":\"https:\/\/gesport.unizar.es\/maria-jose-martinez-sanchez\/#article\",\"isPartOf\":{\"@id\":\"https:\/\/gesport.unizar.es\/maria-jose-martinez-sanchez\/\"},\"author\":{\"name\":\"as_admin\",\"@id\":\"https:\/\/gesport.unizar.es\/#\/schema\/person\/682a02b74cd11e57bb8fd466e42d09d9\"},\"headline\":\"Mar\u00eda Jos\u00e9 Mart\u00ednez S\u00e1nchez\",\"datePublished\":\"2022-03-28T21:22:57+00:00\",\"dateModified\":\"2022-10-03T15:39:32+00:00\",\"mainEntityOfPage\":{\"@id\":\"https:\/\/gesport.unizar.es\/maria-jose-martinez-sanchez\/\"},\"wordCount\":1739,\"publisher\":{\"@id\":\"https:\/\/gesport.unizar.es\/#organization\"},\"articleSection\":[\"interviews\"],\"inLanguage\":\"it-IT\"},{\"@type\":\"WebPage\",\"@id\":\"https:\/\/gesport.unizar.es\/maria-jose-martinez-sanchez\/\",\"url\":\"https:\/\/gesport.unizar.es\/maria-jose-martinez-sanchez\/\",\"name\":\"Mar\u00eda Jos\u00e9 Mart\u00ednez S\u00e1nchez - GESPORT+\",\"isPartOf\":{\"@id\":\"https:\/\/gesport.unizar.es\/#website\"},\"datePublished\":\"2022-03-28T21:22:57+00:00\",\"dateModified\":\"2022-10-03T15:39:32+00:00\",\"breadcrumb\":{\"@id\":\"https:\/\/gesport.unizar.es\/maria-jose-martinez-sanchez\/#breadcrumb\"},\"inLanguage\":\"it-IT\",\"potentialAction\":[{\"@type\":\"ReadAction\",\"target\":[\"https:\/\/gesport.unizar.es\/maria-jose-martinez-sanchez\/\"]}]},{\"@type\":\"BreadcrumbList\",\"@id\":\"https:\/\/gesport.unizar.es\/maria-jose-martinez-sanchez\/#breadcrumb\",\"itemListElement\":[{\"@type\":\"ListItem\",\"position\":1,\"name\":\"Portada\",\"item\":\"https:\/\/gesport.unizar.es\/\"},{\"@type\":\"ListItem\",\"position\":2,\"name\":\"Mar\u00eda Jos\u00e9 Mart\u00ednez S\u00e1nchez\"}]},{\"@type\":\"WebSite\",\"@id\":\"https:\/\/gesport.unizar.es\/#website\",\"url\":\"https:\/\/gesport.unizar.es\/\",\"name\":\"GESPORT+\",\"description\":\"Corporate governance in sport organizations:  a gendered approach\",\"publisher\":{\"@id\":\"https:\/\/gesport.unizar.es\/#organization\"},\"potentialAction\":[{\"@type\":\"SearchAction\",\"target\":{\"@type\":\"EntryPoint\",\"urlTemplate\":\"https:\/\/gesport.unizar.es\/?s={search_term_string}\"},\"query-input\":\"required name=search_term_string\"}],\"inLanguage\":\"it-IT\"},{\"@type\":\"Organization\",\"@id\":\"https:\/\/gesport.unizar.es\/#organization\",\"name\":\"GESPORT Erasmus+\",\"url\":\"https:\/\/gesport.unizar.es\/\",\"sameAs\":[],\"logo\":{\"@type\":\"ImageObject\",\"inLanguage\":\"it-IT\",\"@id\":\"https:\/\/gesport.unizar.es\/#\/schema\/logo\/image\/\",\"url\":\"http:\/\/gesport.unizar.es\/wp-content\/uploads\/2018\/12\/4.jpg\",\"contentUrl\":\"http:\/\/gesport.unizar.es\/wp-content\/uploads\/2018\/12\/4.jpg\",\"width\":400,\"height\":400,\"caption\":\"GESPORT Erasmus+\"},\"image\":{\"@id\":\"https:\/\/gesport.unizar.es\/#\/schema\/logo\/image\/\"}},{\"@type\":\"Person\",\"@id\":\"https:\/\/gesport.unizar.es\/#\/schema\/person\/682a02b74cd11e57bb8fd466e42d09d9\",\"name\":\"as_admin\",\"url\":\"https:\/\/gesport.unizar.es\/it\/author\/as_admin\/\"}]}<\/script>\n<!-- \/ Yoast SEO plugin. -->","yoast_head_json":{"title":"Mar\u00eda Jos\u00e9 Mart\u00ednez S\u00e1nchez - GESPORT+","robots":{"index":"index","follow":"follow","max-snippet":"max-snippet:-1","max-image-preview":"max-image-preview:large","max-video-preview":"max-video-preview:-1"},"canonical":"https:\/\/gesport.unizar.es\/maria-jose-martinez-sanchez\/","og_locale":"it_IT","og_type":"article","og_title":"Mar\u00eda Jos\u00e9 Mart\u00ednez S\u00e1nchez - GESPORT+","og_url":"https:\/\/gesport.unizar.es\/maria-jose-martinez-sanchez\/","og_site_name":"GESPORT+","article_published_time":"2022-03-28T21:22:57+00:00","article_modified_time":"2022-10-03T15:39:32+00:00","og_image":[{"width":346,"height":412,"url":"https:\/\/gesport.unizar.es\/wp-content\/uploads\/2022\/06\/Captura.png","type":"image\/png"}],"author":"as_admin","twitter_card":"summary_large_image","twitter_misc":{"Written by":"as_admin","Est. reading time":"1 minute"},"schema":{"@context":"https:\/\/schema.org","@graph":[{"@type":"Article","@id":"https:\/\/gesport.unizar.es\/maria-jose-martinez-sanchez\/#article","isPartOf":{"@id":"https:\/\/gesport.unizar.es\/maria-jose-martinez-sanchez\/"},"author":{"name":"as_admin","@id":"https:\/\/gesport.unizar.es\/#\/schema\/person\/682a02b74cd11e57bb8fd466e42d09d9"},"headline":"Mar\u00eda Jos\u00e9 Mart\u00ednez S\u00e1nchez","datePublished":"2022-03-28T21:22:57+00:00","dateModified":"2022-10-03T15:39:32+00:00","mainEntityOfPage":{"@id":"https:\/\/gesport.unizar.es\/maria-jose-martinez-sanchez\/"},"wordCount":1739,"publisher":{"@id":"https:\/\/gesport.unizar.es\/#organization"},"articleSection":["interviews"],"inLanguage":"it-IT"},{"@type":"WebPage","@id":"https:\/\/gesport.unizar.es\/maria-jose-martinez-sanchez\/","url":"https:\/\/gesport.unizar.es\/maria-jose-martinez-sanchez\/","name":"Mar\u00eda Jos\u00e9 Mart\u00ednez S\u00e1nchez - GESPORT+","isPartOf":{"@id":"https:\/\/gesport.unizar.es\/#website"},"datePublished":"2022-03-28T21:22:57+00:00","dateModified":"2022-10-03T15:39:32+00:00","breadcrumb":{"@id":"https:\/\/gesport.unizar.es\/maria-jose-martinez-sanchez\/#breadcrumb"},"inLanguage":"it-IT","potentialAction":[{"@type":"ReadAction","target":["https:\/\/gesport.unizar.es\/maria-jose-martinez-sanchez\/"]}]},{"@type":"BreadcrumbList","@id":"https:\/\/gesport.unizar.es\/maria-jose-martinez-sanchez\/#breadcrumb","itemListElement":[{"@type":"ListItem","position":1,"name":"Portada","item":"https:\/\/gesport.unizar.es\/"},{"@type":"ListItem","position":2,"name":"Mar\u00eda Jos\u00e9 Mart\u00ednez S\u00e1nchez"}]},{"@type":"WebSite","@id":"https:\/\/gesport.unizar.es\/#website","url":"https:\/\/gesport.unizar.es\/","name":"GESPORT+","description":"Corporate governance in sport organizations:  a gendered approach","publisher":{"@id":"https:\/\/gesport.unizar.es\/#organization"},"potentialAction":[{"@type":"SearchAction","target":{"@type":"EntryPoint","urlTemplate":"https:\/\/gesport.unizar.es\/?s={search_term_string}"},"query-input":"required name=search_term_string"}],"inLanguage":"it-IT"},{"@type":"Organization","@id":"https:\/\/gesport.unizar.es\/#organization","name":"GESPORT Erasmus+","url":"https:\/\/gesport.unizar.es\/","sameAs":[],"logo":{"@type":"ImageObject","inLanguage":"it-IT","@id":"https:\/\/gesport.unizar.es\/#\/schema\/logo\/image\/","url":"http:\/\/gesport.unizar.es\/wp-content\/uploads\/2018\/12\/4.jpg","contentUrl":"http:\/\/gesport.unizar.es\/wp-content\/uploads\/2018\/12\/4.jpg","width":400,"height":400,"caption":"GESPORT Erasmus+"},"image":{"@id":"https:\/\/gesport.unizar.es\/#\/schema\/logo\/image\/"}},{"@type":"Person","@id":"https:\/\/gesport.unizar.es\/#\/schema\/person\/682a02b74cd11e57bb8fd466e42d09d9","name":"as_admin","url":"https:\/\/gesport.unizar.es\/it\/author\/as_admin\/"}]}},"_links":{"self":[{"href":"https:\/\/gesport.unizar.es\/it\/wp-json\/wp\/v2\/posts\/7849"}],"collection":[{"href":"https:\/\/gesport.unizar.es\/it\/wp-json\/wp\/v2\/posts"}],"about":[{"href":"https:\/\/gesport.unizar.es\/it\/wp-json\/wp\/v2\/types\/post"}],"author":[{"embeddable":true,"href":"https:\/\/gesport.unizar.es\/it\/wp-json\/wp\/v2\/users\/3"}],"replies":[{"embeddable":true,"href":"https:\/\/gesport.unizar.es\/it\/wp-json\/wp\/v2\/comments?post=7849"}],"version-history":[{"count":12,"href":"https:\/\/gesport.unizar.es\/it\/wp-json\/wp\/v2\/posts\/7849\/revisions"}],"predecessor-version":[{"id":9758,"href":"https:\/\/gesport.unizar.es\/it\/wp-json\/wp\/v2\/posts\/7849\/revisions\/9758"}],"wp:featuredmedia":[{"embeddable":true,"href":"https:\/\/gesport.unizar.es\/it\/wp-json\/wp\/v2\/media\/8194"}],"wp:attachment":[{"href":"https:\/\/gesport.unizar.es\/it\/wp-json\/wp\/v2\/media?parent=7849"}],"wp:term":[{"taxonomy":"category","embeddable":true,"href":"https:\/\/gesport.unizar.es\/it\/wp-json\/wp\/v2\/categories?post=7849"},{"taxonomy":"post_tag","embeddable":true,"href":"https:\/\/gesport.unizar.es\/it\/wp-json\/wp\/v2\/tags?post=7849"}],"curies":[{"name":"wp","href":"https:\/\/api.w.org\/{rel}","templated":true}]}}